{"id":880,"date":"2023-05-31T10:11:27","date_gmt":"2023-05-31T10:11:27","guid":{"rendered":"https:\/\/finestres.es\/?p=880"},"modified":"2023-09-20T08:53:53","modified_gmt":"2023-09-20T08:53:53","slug":"como-proteger-tus-ventanas-de-aluminio-en-sabadell-del-calor","status":"publish","type":"post","link":"https:\/\/finestres.es\/es\/como-proteger-tus-ventanas-de-aluminio-en-sabadell-del-calor\/","title":{"rendered":"\u00bfC\u00f3mo proteger tus ventanas de aluminio en Sabadell del calor?"},"content":{"rendered":"<p style=\"text-align: justify;\">Se acercan los meses m\u00e1s calurosos del a\u00f1o y es importante tenerlo en cuenta, para adaptar nuestra vivienda y conseguir el m\u00e1ximo frescor posible. En el art\u00edculo de hoy vamos a explicarte de qu\u00e9 forma puedes proteger tus <a href=\"https:\/\/finestres.es\/es\/ventanas-de-aluminio\/\"><strong>ventanas de aluminio en Sabadell<\/strong><\/a> del calor:<\/p>\n<ol style=\"text-align: justify;\">\n<li>Persianas o cortinas: Instala persianas o cortinas en tus ventanas, ya que estas ayudan a bloquear la entrada directa de la luz solar y a reducir la transferencia de calor al interior de tu hogar. Opta por persianas o cortinas de colores claros, ya que reflejan mejor el calor.<\/li>\n<li>Plantas y toldos: Coloca plantas trepadoras o toldos en el exterior de tus <strong>ventanas de aluminio en Sabadell<\/strong>. Las plantas proporcionan sombra natural y ayudan a reducir la cantidad de luz solar directa que llega a tus ventanas. Los toldos tambi\u00e9n brindan sombra y protecci\u00f3n contra el calor.<\/li>\n<li>Aislamiento: Aseg\u00farate de que tus ventanas de aluminio est\u00e9n bien selladas y aisladas. Comprueba si hay filtraciones de aire alrededor de los marcos y las juntas. Un buen aislamiento evita que el calor exterior se filtre al interior.<\/li>\n<\/ol>\n<p>&nbsp;<\/p>\n<p><img loading=\"lazy\" decoding=\"async\" class=\"alignnone wp-image-881 size-full\" src=\"https:\/\/finestres.es\/wp-content\/uploads\/2023\/05\/123-85.png\" alt=\"\" width=\"2000\" height=\"1414\" srcset=\"https:\/\/finestres.es\/wp-content\/uploads\/2023\/05\/123-85.png 2000w, https:\/\/finestres.es\/wp-content\/uploads\/2023\/05\/123-85-300x212.png 300w, https:\/\/finestres.es\/wp-content\/uploads\/2023\/05\/123-85-1024x724.png 1024w, https:\/\/finestres.es\/wp-content\/uploads\/2023\/05\/123-85-768x543.png 768w, https:\/\/finestres.es\/wp-content\/uploads\/2023\/05\/123-85-1536x1086.png 1536w\" sizes=\"auto, (max-width: 2000px) 100vw, 2000px\" \/><\/p>\n<h2 style=\"text-align: justify;\"><strong>Aislamiento, la clave para conseguir frescor este verano con tus ventanas de aluminio en Sabadell<\/strong><\/h2>\n<p style=\"text-align: justify;\">Como especialistas en ventanas de aluminio en Sabadell, incorporamos la tecnolog\u00eda de Rotura de Puente T\u00e9rmico (RPT), para asegurar un excelente aislamiento para tu hogar. El aislamiento es clave para conseguir frescor en tus ventanas de aluminio debido a varios factores:<\/p>\n<ol style=\"text-align: justify;\">\n<li>Reducci\u00f3n de transferencia de calor: Un buen aislamiento en las <strong>ventanas de aluminio en Sabadell<\/strong>, ayuda a minimizar la transferencia de calor desde el exterior hacia el interior de tu hogar. Esto evita que el calor exterior penetre f\u00e1cilmente, manteniendo un ambiente m\u00e1s fresco en el interior.<\/li>\n<li>Bloqueo de corrientes de aire: Un aislamiento adecuado en las ventanas evita la entrada de corrientes de aire caliente desde el exterior. Al sellar correctamente los espacios alrededor de los marcos y las juntas, se evita que el aire caliente ingrese a tu hogar, ayudando a mantener un ambiente m\u00e1s fresco.<\/li>\n<li>Reducci\u00f3n de la radiaci\u00f3n solar: Un buen aislamiento tambi\u00e9n puede ayudar a reducir la cantidad de radiaci\u00f3n solar que ingresa a trav\u00e9s de las ventanas de aluminio.<\/li>\n<li>Mayor eficiencia energ\u00e9tica: Un aislamiento eficiente en las ventanas de aluminio contribuye a una mayor eficiencia energ\u00e9tica en tu hogar. Al evitar que el calor exterior ingrese f\u00e1cilmente, se reduce la necesidad de utilizar sistemas de refrigeraci\u00f3n, lo que a su vez puede resultar en un menor consumo de energ\u00eda y un ahorro en tus costos de refrigeraci\u00f3n.<\/li>\n<\/ol>\n<p style=\"text-align: justify;\">Trabajamos con la reconocida marca K-LINE, l\u00edder en innovaci\u00f3n de ventanas con hojas ocultas, que garantiza un aislamiento \u00f3ptimo, un dise\u00f1o atractivo y una luminosidad excepcional. Estas ventanas se destacan por su cuidado dise\u00f1o y acabados detallados, proporcionando un gran confort t\u00e9rmico y ac\u00fastico.<\/p>\n","protected":false},"excerpt":{"rendered":"<p>Se acercan los meses m\u00e1s calurosos del a\u00f1o y es importante tenerlo en cuenta, para adaptar nuestra vivienda y conseguir el m\u00e1ximo frescor posible. En el art\u00edculo de hoy vamos a explicarte de qu\u00e9 forma puedes proteger tus ventanas de aluminio en Sabadell del calor: Persianas o cortinas: Instala persianas o cortinas en tus ventanas,&hellip;&nbsp;<a href=\"https:\/\/finestres.es\/es\/como-proteger-tus-ventanas-de-aluminio-en-sabadell-del-calor\/\" rel=\"bookmark\">Llegir m\u00e9s \u00bb<span class=\"screen-reader-text\">\u00bfC\u00f3mo proteger tus ventanas de aluminio en Sabadell del calor?<\/span><\/a><\/p>\n","protected":false},"author":1,"featured_media":885,"comment_status":"open","ping_status":"open","sticky":false,"template":"","format":"standard","meta":{"neve_meta_sidebar":"","neve_meta_container":"","neve_meta_enable_content_width":"off","neve_meta_content_width":70,"neve_meta_title_alignment":"","neve_meta_author_avatar":"","neve_post_elements_order":"","neve_meta_disable_header":"","neve_meta_disable_footer":"","neve_meta_disable_title":"","neve_meta_reading_time":"","footnotes":""},"categories":[3],"tags":[],"class_list":["post-880","post","type-post","status-publish","format-standard","has-post-thumbnail","hentry","category-sin-categorizar"],"yoast_head":"<!-- This site is optimized with the Yoast SEO plugin v26.7 - https:\/\/yoast.com\/wordpress\/plugins\/seo\/ -->\n<title>\u00bfC\u00f3mo proteger tus ventanas de aluminio en Sabadell del calor? - Finestres<\/title>\n<meta name=\"robots\" content=\"index, follow, max-snippet:-1, max-image-preview:large, max-video-preview:-1\" \/>\n<link rel=\"canonical\" href=\"https:\/\/finestres.es\/es\/como-proteger-tus-ventanas-de-aluminio-en-sabadell-del-calor\/\" \/>\n<meta property=\"og:locale\" content=\"es_ES\" \/>\n<meta property=\"og:type\" content=\"article\" \/>\n<meta property=\"og:title\" content=\"\u00bfC\u00f3mo proteger tus ventanas de aluminio en Sabadell del calor? - Finestres\" \/>\n<meta property=\"og:description\" content=\"Se acercan los meses m\u00e1s calurosos del a\u00f1o y es importante tenerlo en cuenta, para adaptar nuestra vivienda y conseguir el m\u00e1ximo frescor posible. En el art\u00edculo de hoy vamos a explicarte de qu\u00e9 forma puedes proteger tus ventanas de aluminio en Sabadell del calor: Persianas o cortinas: Instala persianas o cortinas en tus ventanas,&hellip;&nbsp;Llegir m\u00e9s \u00bb\u00bfC\u00f3mo proteger tus ventanas de aluminio en Sabadell del calor?\" \/>\n<meta property=\"og:url\" content=\"https:\/\/finestres.es\/es\/como-proteger-tus-ventanas-de-aluminio-en-sabadell-del-calor\/\" \/>\n<meta property=\"og:site_name\" content=\"Finestres\" \/>\n<meta property=\"article:published_time\" content=\"2023-05-31T10:11:27+00:00\" \/>\n<meta property=\"article:modified_time\" content=\"2023-09-20T08:53:53+00:00\" \/>\n<meta property=\"og:image\" content=\"https:\/\/finestres.es\/wp-content\/uploads\/2023\/05\/123-86-1024x724.png\" \/>\n\t<meta property=\"og:image:width\" content=\"1024\" \/>\n\t<meta property=\"og:image:height\" content=\"724\" \/>\n\t<meta property=\"og:image:type\" content=\"image\/png\" \/>\n<meta name=\"author\" content=\"admin\" \/>\n<meta name=\"twitter:card\" content=\"summary_large_image\" \/>\n<meta name=\"twitter:label1\" content=\"Escrito por\" \/>\n\t<meta name=\"twitter:data1\" content=\"admin\" \/>\n\t<meta name=\"twitter:label2\" content=\"Tiempo de lectura\" \/>\n\t<meta name=\"twitter:data2\" content=\"3 minutos\" \/>\n<script type=\"application\/ld+json\" class=\"yoast-schema-graph\">{\"@context\":\"https:\/\/schema.org\",\"@graph\":[{\"@type\":\"Article\",\"@id\":\"https:\/\/finestres.es\/es\/como-proteger-tus-ventanas-de-aluminio-en-sabadell-del-calor\/#article\",\"isPartOf\":{\"@id\":\"https:\/\/finestres.es\/es\/como-proteger-tus-ventanas-de-aluminio-en-sabadell-del-calor\/\"},\"author\":{\"name\":\"admin\",\"@id\":\"https:\/\/finestres.es\/#\/schema\/person\/8f5bc90c23f214f5ced75be28260d92d\"},\"headline\":\"\u00bfC\u00f3mo proteger tus ventanas de aluminio en Sabadell del calor?\",\"datePublished\":\"2023-05-31T10:11:27+00:00\",\"dateModified\":\"2023-09-20T08:53:53+00:00\",\"mainEntityOfPage\":{\"@id\":\"https:\/\/finestres.es\/es\/como-proteger-tus-ventanas-de-aluminio-en-sabadell-del-calor\/\"},\"wordCount\":506,\"commentCount\":0,\"image\":{\"@id\":\"https:\/\/finestres.es\/es\/como-proteger-tus-ventanas-de-aluminio-en-sabadell-del-calor\/#primaryimage\"},\"thumbnailUrl\":\"https:\/\/finestres.es\/wp-content\/uploads\/2023\/05\/123-86.png\",\"articleSection\":[\"Sin categorizar\"],\"inLanguage\":\"es\"},{\"@type\":\"WebPage\",\"@id\":\"https:\/\/finestres.es\/es\/como-proteger-tus-ventanas-de-aluminio-en-sabadell-del-calor\/\",\"url\":\"https:\/\/finestres.es\/es\/como-proteger-tus-ventanas-de-aluminio-en-sabadell-del-calor\/\",\"name\":\"\u00bfC\u00f3mo proteger tus ventanas de aluminio en Sabadell del calor? - Finestres\",\"isPartOf\":{\"@id\":\"https:\/\/finestres.es\/#website\"},\"primaryImageOfPage\":{\"@id\":\"https:\/\/finestres.es\/es\/como-proteger-tus-ventanas-de-aluminio-en-sabadell-del-calor\/#primaryimage\"},\"image\":{\"@id\":\"https:\/\/finestres.es\/es\/como-proteger-tus-ventanas-de-aluminio-en-sabadell-del-calor\/#primaryimage\"},\"thumbnailUrl\":\"https:\/\/finestres.es\/wp-content\/uploads\/2023\/05\/123-86.png\",\"datePublished\":\"2023-05-31T10:11:27+00:00\",\"dateModified\":\"2023-09-20T08:53:53+00:00\",\"author\":{\"@id\":\"https:\/\/finestres.es\/#\/schema\/person\/8f5bc90c23f214f5ced75be28260d92d\"},\"breadcrumb\":{\"@id\":\"https:\/\/finestres.es\/es\/como-proteger-tus-ventanas-de-aluminio-en-sabadell-del-calor\/#breadcrumb\"},\"inLanguage\":\"es\",\"potentialAction\":[{\"@type\":\"ReadAction\",\"target\":[\"https:\/\/finestres.es\/es\/como-proteger-tus-ventanas-de-aluminio-en-sabadell-del-calor\/\"]}]},{\"@type\":\"ImageObject\",\"inLanguage\":\"es\",\"@id\":\"https:\/\/finestres.es\/es\/como-proteger-tus-ventanas-de-aluminio-en-sabadell-del-calor\/#primaryimage\",\"url\":\"https:\/\/finestres.es\/wp-content\/uploads\/2023\/05\/123-86.png\",\"contentUrl\":\"https:\/\/finestres.es\/wp-content\/uploads\/2023\/05\/123-86.png\",\"width\":2000,\"height\":1414},{\"@type\":\"BreadcrumbList\",\"@id\":\"https:\/\/finestres.es\/es\/como-proteger-tus-ventanas-de-aluminio-en-sabadell-del-calor\/#breadcrumb\",\"itemListElement\":[{\"@type\":\"ListItem\",\"position\":1,\"name\":\"Portada\",\"item\":\"https:\/\/finestres.es\/es\/\"},{\"@type\":\"ListItem\",\"position\":2,\"name\":\"\u00bfC\u00f3mo proteger tus ventanas de aluminio en Sabadell del calor?\"}]},{\"@type\":\"WebSite\",\"@id\":\"https:\/\/finestres.es\/#website\",\"url\":\"https:\/\/finestres.es\/\",\"name\":\"Finestres\",\"description\":\"\",\"potentialAction\":[{\"@type\":\"SearchAction\",\"target\":{\"@type\":\"EntryPoint\",\"urlTemplate\":\"https:\/\/finestres.es\/?s={search_term_string}\"},\"query-input\":{\"@type\":\"PropertyValueSpecification\",\"valueRequired\":true,\"valueName\":\"search_term_string\"}}],\"inLanguage\":\"es\"},{\"@type\":\"Person\",\"@id\":\"https:\/\/finestres.es\/#\/schema\/person\/8f5bc90c23f214f5ced75be28260d92d\",\"name\":\"admin\",\"image\":{\"@type\":\"ImageObject\",\"inLanguage\":\"es\",\"@id\":\"https:\/\/finestres.es\/#\/schema\/person\/image\/\",\"url\":\"https:\/\/secure.gravatar.com\/avatar\/44c520d0ee00f53bf5bce3cfe25f0f21a8b564001fa9d374716835d95b110394?s=96&d=mm&r=g\",\"contentUrl\":\"https:\/\/secure.gravatar.com\/avatar\/44c520d0ee00f53bf5bce3cfe25f0f21a8b564001fa9d374716835d95b110394?s=96&d=mm&r=g\",\"caption\":\"admin\"},\"sameAs\":[\"https:\/\/finestres.es\"],\"url\":\"https:\/\/finestres.es\/es\/author\/admin_xptz0l2e\/\"}]}<\/script>\n<!-- \/ Yoast SEO plugin. -->","yoast_head_json":{"title":"\u00bfC\u00f3mo proteger tus ventanas de aluminio en Sabadell del calor? - Finestres","robots":{"index":"index","follow":"follow","max-snippet":"max-snippet:-1","max-image-preview":"max-image-preview:large","max-video-preview":"max-video-preview:-1"},"canonical":"https:\/\/finestres.es\/es\/como-proteger-tus-ventanas-de-aluminio-en-sabadell-del-calor\/","og_locale":"es_ES","og_type":"article","og_title":"\u00bfC\u00f3mo proteger tus ventanas de aluminio en Sabadell del calor? - Finestres","og_description":"Se acercan los meses m\u00e1s calurosos del a\u00f1o y es importante tenerlo en cuenta, para adaptar nuestra vivienda y conseguir el m\u00e1ximo frescor posible. En el art\u00edculo de hoy vamos a explicarte de qu\u00e9 forma puedes proteger tus ventanas de aluminio en Sabadell del calor: Persianas o cortinas: Instala persianas o cortinas en tus ventanas,&hellip;&nbsp;Llegir m\u00e9s \u00bb\u00bfC\u00f3mo proteger tus ventanas de aluminio en Sabadell del calor?","og_url":"https:\/\/finestres.es\/es\/como-proteger-tus-ventanas-de-aluminio-en-sabadell-del-calor\/","og_site_name":"Finestres","article_published_time":"2023-05-31T10:11:27+00:00","article_modified_time":"2023-09-20T08:53:53+00:00","og_image":[{"width":1024,"height":724,"url":"https:\/\/finestres.es\/wp-content\/uploads\/2023\/05\/123-86-1024x724.png","type":"image\/png"}],"author":"admin","twitter_card":"summary_large_image","twitter_misc":{"Escrito por":"admin","Tiempo de lectura":"3 minutos"},"schema":{"@context":"https:\/\/schema.org","@graph":[{"@type":"Article","@id":"https:\/\/finestres.es\/es\/como-proteger-tus-ventanas-de-aluminio-en-sabadell-del-calor\/#article","isPartOf":{"@id":"https:\/\/finestres.es\/es\/como-proteger-tus-ventanas-de-aluminio-en-sabadell-del-calor\/"},"author":{"name":"admin","@id":"https:\/\/finestres.es\/#\/schema\/person\/8f5bc90c23f214f5ced75be28260d92d"},"headline":"\u00bfC\u00f3mo proteger tus ventanas de aluminio en Sabadell del calor?","datePublished":"2023-05-31T10:11:27+00:00","dateModified":"2023-09-20T08:53:53+00:00","mainEntityOfPage":{"@id":"https:\/\/finestres.es\/es\/como-proteger-tus-ventanas-de-aluminio-en-sabadell-del-calor\/"},"wordCount":506,"commentCount":0,"image":{"@id":"https:\/\/finestres.es\/es\/como-proteger-tus-ventanas-de-aluminio-en-sabadell-del-calor\/#primaryimage"},"thumbnailUrl":"https:\/\/finestres.es\/wp-content\/uploads\/2023\/05\/123-86.png","articleSection":["Sin categorizar"],"inLanguage":"es"},{"@type":"WebPage","@id":"https:\/\/finestres.es\/es\/como-proteger-tus-ventanas-de-aluminio-en-sabadell-del-calor\/","url":"https:\/\/finestres.es\/es\/como-proteger-tus-ventanas-de-aluminio-en-sabadell-del-calor\/","name":"\u00bfC\u00f3mo proteger tus ventanas de aluminio en Sabadell del calor? - Finestres","isPartOf":{"@id":"https:\/\/finestres.es\/#website"},"primaryImageOfPage":{"@id":"https:\/\/finestres.es\/es\/como-proteger-tus-ventanas-de-aluminio-en-sabadell-del-calor\/#primaryimage"},"image":{"@id":"https:\/\/finestres.es\/es\/como-proteger-tus-ventanas-de-aluminio-en-sabadell-del-calor\/#primaryimage"},"thumbnailUrl":"https:\/\/finestres.es\/wp-content\/uploads\/2023\/05\/123-86.png","datePublished":"2023-05-31T10:11:27+00:00","dateModified":"2023-09-20T08:53:53+00:00","author":{"@id":"https:\/\/finestres.es\/#\/schema\/person\/8f5bc90c23f214f5ced75be28260d92d"},"breadcrumb":{"@id":"https:\/\/finestres.es\/es\/como-proteger-tus-ventanas-de-aluminio-en-sabadell-del-calor\/#breadcrumb"},"inLanguage":"es","potentialAction":[{"@type":"ReadAction","target":["https:\/\/finestres.es\/es\/como-proteger-tus-ventanas-de-aluminio-en-sabadell-del-calor\/"]}]},{"@type":"ImageObject","inLanguage":"es","@id":"https:\/\/finestres.es\/es\/como-proteger-tus-ventanas-de-aluminio-en-sabadell-del-calor\/#primaryimage","url":"https:\/\/finestres.es\/wp-content\/uploads\/2023\/05\/123-86.png","contentUrl":"https:\/\/finestres.es\/wp-content\/uploads\/2023\/05\/123-86.png","width":2000,"height":1414},{"@type":"BreadcrumbList","@id":"https:\/\/finestres.es\/es\/como-proteger-tus-ventanas-de-aluminio-en-sabadell-del-calor\/#breadcrumb","itemListElement":[{"@type":"ListItem","position":1,"name":"Portada","item":"https:\/\/finestres.es\/es\/"},{"@type":"ListItem","position":2,"name":"\u00bfC\u00f3mo proteger tus ventanas de aluminio en Sabadell del calor?"}]},{"@type":"WebSite","@id":"https:\/\/finestres.es\/#website","url":"https:\/\/finestres.es\/","name":"Finestres","description":"","potentialAction":[{"@type":"SearchAction","target":{"@type":"EntryPoint","urlTemplate":"https:\/\/finestres.es\/?s={search_term_string}"},"query-input":{"@type":"PropertyValueSpecification","valueRequired":true,"valueName":"search_term_string"}}],"inLanguage":"es"},{"@type":"Person","@id":"https:\/\/finestres.es\/#\/schema\/person\/8f5bc90c23f214f5ced75be28260d92d","name":"admin","image":{"@type":"ImageObject","inLanguage":"es","@id":"https:\/\/finestres.es\/#\/schema\/person\/image\/","url":"https:\/\/secure.gravatar.com\/avatar\/44c520d0ee00f53bf5bce3cfe25f0f21a8b564001fa9d374716835d95b110394?s=96&d=mm&r=g","contentUrl":"https:\/\/secure.gravatar.com\/avatar\/44c520d0ee00f53bf5bce3cfe25f0f21a8b564001fa9d374716835d95b110394?s=96&d=mm&r=g","caption":"admin"},"sameAs":["https:\/\/finestres.es"],"url":"https:\/\/finestres.es\/es\/author\/admin_xptz0l2e\/"}]}},"_links":{"self":[{"href":"https:\/\/finestres.es\/es\/wp-json\/wp\/v2\/posts\/880","targetHints":{"allow":["GET"]}}],"collection":[{"href":"https:\/\/finestres.es\/es\/wp-json\/wp\/v2\/posts"}],"about":[{"href":"https:\/\/finestres.es\/es\/wp-json\/wp\/v2\/types\/post"}],"author":[{"embeddable":true,"href":"https:\/\/finestres.es\/es\/wp-json\/wp\/v2\/users\/1"}],"replies":[{"embeddable":true,"href":"https:\/\/finestres.es\/es\/wp-json\/wp\/v2\/comments?post=880"}],"version-history":[{"count":1,"href":"https:\/\/finestres.es\/es\/wp-json\/wp\/v2\/posts\/880\/revisions"}],"predecessor-version":[{"id":887,"href":"https:\/\/finestres.es\/es\/wp-json\/wp\/v2\/posts\/880\/revisions\/887"}],"wp:featuredmedia":[{"embeddable":true,"href":"https:\/\/finestres.es\/es\/wp-json\/wp\/v2\/media\/885"}],"wp:attachment":[{"href":"https:\/\/finestres.es\/es\/wp-json\/wp\/v2\/media?parent=880"}],"wp:term":[{"taxonomy":"category","embeddable":true,"href":"https:\/\/finestres.es\/es\/wp-json\/wp\/v2\/categories?post=880"},{"taxonomy":"post_tag","embeddable":true,"href":"https:\/\/finestres.es\/es\/wp-json\/wp\/v2\/tags?post=880"}],"curies":[{"name":"wp","href":"https:\/\/api.w.org\/{rel}","templated":true}]}}