{"id":909,"date":"2023-06-13T09:24:21","date_gmt":"2023-06-13T09:24:21","guid":{"rendered":"https:\/\/finestres.es\/?p=909"},"modified":"2023-09-20T08:53:45","modified_gmt":"2023-09-20T08:53:45","slug":"finestres-expertos-en-ventanas-de-aluminio-para-terrassa-y-sus-alrededores","status":"publish","type":"post","link":"https:\/\/finestres.es\/es\/finestres-expertos-en-ventanas-de-aluminio-para-terrassa-y-sus-alrededores\/","title":{"rendered":"Finestres: expertos en ventanas de aluminio para Terrassa y sus alrededores"},"content":{"rendered":"<p style=\"text-align: justify;\">Cuando se trata de mejorar la est\u00e9tica y el rendimiento de tu hogar en Terrassa y sus alrededores, las ventanas de aluminio son una elecci\u00f3n excelente. Su durabilidad, resistencia y dise\u00f1o est\u00e9tico las convierten en una opci\u00f3n popular entre los propietarios de viviendas. Si est\u00e1s buscando <a href=\"https:\/\/finestres.es\/finestres-de-alumini\/\"><strong>ventanas de aluminio en Terrassa<\/strong><\/a>, no busques m\u00e1s all\u00e1 de Finestres, los expertos en este tipo de productos.<\/p>\n<p style=\"text-align: justify;\">En Finestres, cuentan con una amplia experiencia en la industria de las <strong>ventanas de aluminio en Terrassa<\/strong> y sus alrededores. Han trabajado con numerosos clientes, tanto en proyectos residenciales como comerciales, brindando soluciones de ventanas de alta calidad. Su conocimiento y experiencia les permiten ofrecer asesoramiento experto y personalizado, adaptado a las necesidades espec\u00edficas de cada cliente.<\/p>\n<p style=\"text-align: justify;\">La calidad de las ventanas de aluminio de Finestres es indiscutible. Utilizan materiales de primera calidad y tecnolog\u00eda de vanguardia para fabricar ventanas duraderas y funcionales que se adaptan perfectamente a cualquier tipo de hogar. Adem\u00e1s, ofrecen una amplia variedad de dise\u00f1os y acabados para complementar el estilo arquitect\u00f3nico de tu vivienda, brind\u00e1ndote la oportunidad de personalizar tu espacio.<\/p>\n<p style=\"text-align: justify;\">La eficiencia energ\u00e9tica es otra caracter\u00edstica destacada de las ventanas de aluminio de Finestres. Gracias a su excelente aislamiento t\u00e9rmico y ac\u00fastico, estas ventanas reducen las p\u00e9rdidas de energ\u00eda y te permiten disfrutar de un ambiente m\u00e1s confortable en todas las estaciones del a\u00f1o. Adem\u00e1s, el uso de ventanas de aluminio puede ayudarte a reducir tus costos de calefacci\u00f3n y refrigeraci\u00f3n, lo que se traduce en ahorros significativos a largo plazo.<\/p>\n<p><img loading=\"lazy\" decoding=\"async\" class=\"alignnone wp-image-910 size-full\" src=\"https:\/\/finestres.es\/wp-content\/uploads\/2023\/06\/123-2023-06-13T112240.158.png\" alt=\"\" width=\"2000\" height=\"1414\" srcset=\"https:\/\/finestres.es\/wp-content\/uploads\/2023\/06\/123-2023-06-13T112240.158.png 2000w, https:\/\/finestres.es\/wp-content\/uploads\/2023\/06\/123-2023-06-13T112240.158-300x212.png 300w, https:\/\/finestres.es\/wp-content\/uploads\/2023\/06\/123-2023-06-13T112240.158-1024x724.png 1024w, https:\/\/finestres.es\/wp-content\/uploads\/2023\/06\/123-2023-06-13T112240.158-768x543.png 768w, https:\/\/finestres.es\/wp-content\/uploads\/2023\/06\/123-2023-06-13T112240.158-1536x1086.png 1536w\" sizes=\"auto, (max-width: 2000px) 100vw, 2000px\" \/><\/p>\n<h2 style=\"text-align: justify;\"><strong>Descubre las ventajas de las ventanas de aluminio en Terrassa con Finestres<\/strong><\/h2>\n<p style=\"text-align: justify;\">Cuando se trata de mejorar la est\u00e9tica y el rendimiento de tu hogar en Terrassa y sus alrededores, las <strong>ventanas de aluminio en Terrassa<\/strong> y alrededores se han convertido en una opci\u00f3n muy popular. Y es que, adem\u00e1s de brindar un aspecto moderno y elegante, ofrecen una serie de beneficios que las hacen altamente recomendables.<\/p>\n<p style=\"text-align: justify;\">En Finestres, se enorgullecen de brindar un servicio profesional y personalizado a cada cliente. Su equipo altamente capacitado te guiar\u00e1 durante todo el proceso, desde la selecci\u00f3n de ventanas de aluminio hasta la instalaci\u00f3n final. Te brindar\u00e1n asesoramiento t\u00e9cnico y te ayudar\u00e1n a tomar decisiones informadas sobre el tipo de ventanas que mejor se adapten a tus necesidades y preferencias.<\/p>\n<p style=\"text-align: justify;\">En conclusi\u00f3n, si est\u00e1s en busca de <strong>ventanas de aluminio en Terrassa<\/strong> y sus alrededores, Finestres es la elecci\u00f3n perfecta. Con su experiencia, dise\u00f1o y calidad superiores, eficiencia energ\u00e9tica y servicio personalizado, no encontrar\u00e1s un proveedor mejor. Conf\u00eda en Finestres para transformar tu hogar con ventanas de aluminio de alta calidad. \u00a1Contacta a Finestres hoy mismo y descubre c\u00f3mo pueden mejorar tu espacio residencial con sus productos excepcionales!<\/p>\n","protected":false},"excerpt":{"rendered":"<p>Cuando se trata de mejorar la est\u00e9tica y el rendimiento de tu hogar en Terrassa y sus alrededores, las ventanas de aluminio son una elecci\u00f3n excelente. Su durabilidad, resistencia y dise\u00f1o est\u00e9tico las convierten en una opci\u00f3n popular entre los propietarios de viviendas. Si est\u00e1s buscando ventanas de aluminio en Terrassa, no busques m\u00e1s all\u00e1&hellip;&nbsp;<a href=\"https:\/\/finestres.es\/es\/finestres-expertos-en-ventanas-de-aluminio-para-terrassa-y-sus-alrededores\/\" rel=\"bookmark\">Llegir m\u00e9s \u00bb<span class=\"screen-reader-text\">Finestres: expertos en ventanas de aluminio para Terrassa y sus alrededores<\/span><\/a><\/p>\n","protected":false},"author":1,"featured_media":1001,"comment_status":"open","ping_status":"open","sticky":false,"template":"","format":"standard","meta":{"neve_meta_sidebar":"","neve_meta_container":"","neve_meta_enable_content_width":"off","neve_meta_content_width":70,"neve_meta_title_alignment":"","neve_meta_author_avatar":"","neve_post_elements_order":"","neve_meta_disable_header":"","neve_meta_disable_footer":"","neve_meta_disable_title":"","neve_meta_reading_time":"","footnotes":""},"categories":[3,18],"tags":[27],"class_list":["post-909","post","type-post","status-publish","format-standard","has-post-thumbnail","hentry","category-sin-categorizar","category-ventanas-de-aluminio","tag-ventanas-de-aluminio-en-terrassa"],"yoast_head":"<!-- This site is optimized with the Yoast SEO plugin v26.7 - https:\/\/yoast.com\/wordpress\/plugins\/seo\/ -->\n<title>Finestres: expertos en ventanas de aluminio para Terrassa y sus alrededores - Finestres<\/title>\n<meta name=\"robots\" content=\"index, follow, max-snippet:-1, max-image-preview:large, max-video-preview:-1\" \/>\n<link rel=\"canonical\" href=\"https:\/\/finestres.es\/es\/finestres-expertos-en-ventanas-de-aluminio-para-terrassa-y-sus-alrededores\/\" \/>\n<meta property=\"og:locale\" content=\"es_ES\" \/>\n<meta property=\"og:type\" content=\"article\" \/>\n<meta property=\"og:title\" content=\"Finestres: expertos en ventanas de aluminio para Terrassa y sus alrededores - Finestres\" \/>\n<meta property=\"og:description\" content=\"Cuando se trata de mejorar la est\u00e9tica y el rendimiento de tu hogar en Terrassa y sus alrededores, las ventanas de aluminio son una elecci\u00f3n excelente. Su durabilidad, resistencia y dise\u00f1o est\u00e9tico las convierten en una opci\u00f3n popular entre los propietarios de viviendas. Si est\u00e1s buscando ventanas de aluminio en Terrassa, no busques m\u00e1s all\u00e1&hellip;&nbsp;Llegir m\u00e9s \u00bbFinestres: expertos en ventanas de aluminio para Terrassa y sus alrededores\" \/>\n<meta property=\"og:url\" content=\"https:\/\/finestres.es\/es\/finestres-expertos-en-ventanas-de-aluminio-para-terrassa-y-sus-alrededores\/\" \/>\n<meta property=\"og:site_name\" content=\"Finestres\" \/>\n<meta property=\"article:published_time\" content=\"2023-06-13T09:24:21+00:00\" \/>\n<meta property=\"article:modified_time\" content=\"2023-09-20T08:53:45+00:00\" \/>\n<meta property=\"og:image\" content=\"https:\/\/finestres.es\/wp-content\/uploads\/2023\/06\/123-2023-09-19T132749.873-1024x724.png\" \/>\n\t<meta property=\"og:image:width\" content=\"1024\" \/>\n\t<meta property=\"og:image:height\" content=\"724\" \/>\n\t<meta property=\"og:image:type\" content=\"image\/png\" \/>\n<meta name=\"author\" content=\"admin\" \/>\n<meta name=\"twitter:card\" content=\"summary_large_image\" \/>\n<meta name=\"twitter:label1\" content=\"Escrito por\" \/>\n\t<meta name=\"twitter:data1\" content=\"admin\" \/>\n\t<meta name=\"twitter:label2\" content=\"Tiempo de lectura\" \/>\n\t<meta name=\"twitter:data2\" content=\"3 minutos\" \/>\n<script type=\"application\/ld+json\" class=\"yoast-schema-graph\">{\"@context\":\"https:\/\/schema.org\",\"@graph\":[{\"@type\":\"Article\",\"@id\":\"https:\/\/finestres.es\/es\/finestres-expertos-en-ventanas-de-aluminio-para-terrassa-y-sus-alrededores\/#article\",\"isPartOf\":{\"@id\":\"https:\/\/finestres.es\/es\/finestres-expertos-en-ventanas-de-aluminio-para-terrassa-y-sus-alrededores\/\"},\"author\":{\"name\":\"admin\",\"@id\":\"https:\/\/finestres.es\/#\/schema\/person\/8f5bc90c23f214f5ced75be28260d92d\"},\"headline\":\"Finestres: expertos en ventanas de aluminio para Terrassa y sus alrededores\",\"datePublished\":\"2023-06-13T09:24:21+00:00\",\"dateModified\":\"2023-09-20T08:53:45+00:00\",\"mainEntityOfPage\":{\"@id\":\"https:\/\/finestres.es\/es\/finestres-expertos-en-ventanas-de-aluminio-para-terrassa-y-sus-alrededores\/\"},\"wordCount\":497,\"commentCount\":0,\"image\":{\"@id\":\"https:\/\/finestres.es\/es\/finestres-expertos-en-ventanas-de-aluminio-para-terrassa-y-sus-alrededores\/#primaryimage\"},\"thumbnailUrl\":\"https:\/\/finestres.es\/wp-content\/uploads\/2023\/06\/123-2023-09-19T132749.873.png\",\"keywords\":[\"ventanas de aluminio en Terrassa\"],\"articleSection\":[\"Sin categorizar\",\"ventanas de aluminio\"],\"inLanguage\":\"es\"},{\"@type\":\"WebPage\",\"@id\":\"https:\/\/finestres.es\/es\/finestres-expertos-en-ventanas-de-aluminio-para-terrassa-y-sus-alrededores\/\",\"url\":\"https:\/\/finestres.es\/es\/finestres-expertos-en-ventanas-de-aluminio-para-terrassa-y-sus-alrededores\/\",\"name\":\"Finestres: expertos en ventanas de aluminio para Terrassa y sus alrededores - Finestres\",\"isPartOf\":{\"@id\":\"https:\/\/finestres.es\/#website\"},\"primaryImageOfPage\":{\"@id\":\"https:\/\/finestres.es\/es\/finestres-expertos-en-ventanas-de-aluminio-para-terrassa-y-sus-alrededores\/#primaryimage\"},\"image\":{\"@id\":\"https:\/\/finestres.es\/es\/finestres-expertos-en-ventanas-de-aluminio-para-terrassa-y-sus-alrededores\/#primaryimage\"},\"thumbnailUrl\":\"https:\/\/finestres.es\/wp-content\/uploads\/2023\/06\/123-2023-09-19T132749.873.png\",\"datePublished\":\"2023-06-13T09:24:21+00:00\",\"dateModified\":\"2023-09-20T08:53:45+00:00\",\"author\":{\"@id\":\"https:\/\/finestres.es\/#\/schema\/person\/8f5bc90c23f214f5ced75be28260d92d\"},\"breadcrumb\":{\"@id\":\"https:\/\/finestres.es\/es\/finestres-expertos-en-ventanas-de-aluminio-para-terrassa-y-sus-alrededores\/#breadcrumb\"},\"inLanguage\":\"es\",\"potentialAction\":[{\"@type\":\"ReadAction\",\"target\":[\"https:\/\/finestres.es\/es\/finestres-expertos-en-ventanas-de-aluminio-para-terrassa-y-sus-alrededores\/\"]}]},{\"@type\":\"ImageObject\",\"inLanguage\":\"es\",\"@id\":\"https:\/\/finestres.es\/es\/finestres-expertos-en-ventanas-de-aluminio-para-terrassa-y-sus-alrededores\/#primaryimage\",\"url\":\"https:\/\/finestres.es\/wp-content\/uploads\/2023\/06\/123-2023-09-19T132749.873.png\",\"contentUrl\":\"https:\/\/finestres.es\/wp-content\/uploads\/2023\/06\/123-2023-09-19T132749.873.png\",\"width\":2000,\"height\":1414},{\"@type\":\"BreadcrumbList\",\"@id\":\"https:\/\/finestres.es\/es\/finestres-expertos-en-ventanas-de-aluminio-para-terrassa-y-sus-alrededores\/#breadcrumb\",\"itemListElement\":[{\"@type\":\"ListItem\",\"position\":1,\"name\":\"Portada\",\"item\":\"https:\/\/finestres.es\/es\/\"},{\"@type\":\"ListItem\",\"position\":2,\"name\":\"Finestres: expertos en ventanas de aluminio para Terrassa y sus alrededores\"}]},{\"@type\":\"WebSite\",\"@id\":\"https:\/\/finestres.es\/#website\",\"url\":\"https:\/\/finestres.es\/\",\"name\":\"Finestres\",\"description\":\"\",\"potentialAction\":[{\"@type\":\"SearchAction\",\"target\":{\"@type\":\"EntryPoint\",\"urlTemplate\":\"https:\/\/finestres.es\/?s={search_term_string}\"},\"query-input\":{\"@type\":\"PropertyValueSpecification\",\"valueRequired\":true,\"valueName\":\"search_term_string\"}}],\"inLanguage\":\"es\"},{\"@type\":\"Person\",\"@id\":\"https:\/\/finestres.es\/#\/schema\/person\/8f5bc90c23f214f5ced75be28260d92d\",\"name\":\"admin\",\"image\":{\"@type\":\"ImageObject\",\"inLanguage\":\"es\",\"@id\":\"https:\/\/finestres.es\/#\/schema\/person\/image\/\",\"url\":\"https:\/\/secure.gravatar.com\/avatar\/44c520d0ee00f53bf5bce3cfe25f0f21a8b564001fa9d374716835d95b110394?s=96&d=mm&r=g\",\"contentUrl\":\"https:\/\/secure.gravatar.com\/avatar\/44c520d0ee00f53bf5bce3cfe25f0f21a8b564001fa9d374716835d95b110394?s=96&d=mm&r=g\",\"caption\":\"admin\"},\"sameAs\":[\"https:\/\/finestres.es\"],\"url\":\"https:\/\/finestres.es\/es\/author\/admin_xptz0l2e\/\"}]}<\/script>\n<!-- \/ Yoast SEO plugin. -->","yoast_head_json":{"title":"Finestres: expertos en ventanas de aluminio para Terrassa y sus alrededores - Finestres","robots":{"index":"index","follow":"follow","max-snippet":"max-snippet:-1","max-image-preview":"max-image-preview:large","max-video-preview":"max-video-preview:-1"},"canonical":"https:\/\/finestres.es\/es\/finestres-expertos-en-ventanas-de-aluminio-para-terrassa-y-sus-alrededores\/","og_locale":"es_ES","og_type":"article","og_title":"Finestres: expertos en ventanas de aluminio para Terrassa y sus alrededores - Finestres","og_description":"Cuando se trata de mejorar la est\u00e9tica y el rendimiento de tu hogar en Terrassa y sus alrededores, las ventanas de aluminio son una elecci\u00f3n excelente. Su durabilidad, resistencia y dise\u00f1o est\u00e9tico las convierten en una opci\u00f3n popular entre los propietarios de viviendas. Si est\u00e1s buscando ventanas de aluminio en Terrassa, no busques m\u00e1s all\u00e1&hellip;&nbsp;Llegir m\u00e9s \u00bbFinestres: expertos en ventanas de aluminio para Terrassa y sus alrededores","og_url":"https:\/\/finestres.es\/es\/finestres-expertos-en-ventanas-de-aluminio-para-terrassa-y-sus-alrededores\/","og_site_name":"Finestres","article_published_time":"2023-06-13T09:24:21+00:00","article_modified_time":"2023-09-20T08:53:45+00:00","og_image":[{"width":1024,"height":724,"url":"https:\/\/finestres.es\/wp-content\/uploads\/2023\/06\/123-2023-09-19T132749.873-1024x724.png","type":"image\/png"}],"author":"admin","twitter_card":"summary_large_image","twitter_misc":{"Escrito por":"admin","Tiempo de lectura":"3 minutos"},"schema":{"@context":"https:\/\/schema.org","@graph":[{"@type":"Article","@id":"https:\/\/finestres.es\/es\/finestres-expertos-en-ventanas-de-aluminio-para-terrassa-y-sus-alrededores\/#article","isPartOf":{"@id":"https:\/\/finestres.es\/es\/finestres-expertos-en-ventanas-de-aluminio-para-terrassa-y-sus-alrededores\/"},"author":{"name":"admin","@id":"https:\/\/finestres.es\/#\/schema\/person\/8f5bc90c23f214f5ced75be28260d92d"},"headline":"Finestres: expertos en ventanas de aluminio para Terrassa y sus alrededores","datePublished":"2023-06-13T09:24:21+00:00","dateModified":"2023-09-20T08:53:45+00:00","mainEntityOfPage":{"@id":"https:\/\/finestres.es\/es\/finestres-expertos-en-ventanas-de-aluminio-para-terrassa-y-sus-alrededores\/"},"wordCount":497,"commentCount":0,"image":{"@id":"https:\/\/finestres.es\/es\/finestres-expertos-en-ventanas-de-aluminio-para-terrassa-y-sus-alrededores\/#primaryimage"},"thumbnailUrl":"https:\/\/finestres.es\/wp-content\/uploads\/2023\/06\/123-2023-09-19T132749.873.png","keywords":["ventanas de aluminio en Terrassa"],"articleSection":["Sin categorizar","ventanas de aluminio"],"inLanguage":"es"},{"@type":"WebPage","@id":"https:\/\/finestres.es\/es\/finestres-expertos-en-ventanas-de-aluminio-para-terrassa-y-sus-alrededores\/","url":"https:\/\/finestres.es\/es\/finestres-expertos-en-ventanas-de-aluminio-para-terrassa-y-sus-alrededores\/","name":"Finestres: expertos en ventanas de aluminio para Terrassa y sus alrededores - Finestres","isPartOf":{"@id":"https:\/\/finestres.es\/#website"},"primaryImageOfPage":{"@id":"https:\/\/finestres.es\/es\/finestres-expertos-en-ventanas-de-aluminio-para-terrassa-y-sus-alrededores\/#primaryimage"},"image":{"@id":"https:\/\/finestres.es\/es\/finestres-expertos-en-ventanas-de-aluminio-para-terrassa-y-sus-alrededores\/#primaryimage"},"thumbnailUrl":"https:\/\/finestres.es\/wp-content\/uploads\/2023\/06\/123-2023-09-19T132749.873.png","datePublished":"2023-06-13T09:24:21+00:00","dateModified":"2023-09-20T08:53:45+00:00","author":{"@id":"https:\/\/finestres.es\/#\/schema\/person\/8f5bc90c23f214f5ced75be28260d92d"},"breadcrumb":{"@id":"https:\/\/finestres.es\/es\/finestres-expertos-en-ventanas-de-aluminio-para-terrassa-y-sus-alrededores\/#breadcrumb"},"inLanguage":"es","potentialAction":[{"@type":"ReadAction","target":["https:\/\/finestres.es\/es\/finestres-expertos-en-ventanas-de-aluminio-para-terrassa-y-sus-alrededores\/"]}]},{"@type":"ImageObject","inLanguage":"es","@id":"https:\/\/finestres.es\/es\/finestres-expertos-en-ventanas-de-aluminio-para-terrassa-y-sus-alrededores\/#primaryimage","url":"https:\/\/finestres.es\/wp-content\/uploads\/2023\/06\/123-2023-09-19T132749.873.png","contentUrl":"https:\/\/finestres.es\/wp-content\/uploads\/2023\/06\/123-2023-09-19T132749.873.png","width":2000,"height":1414},{"@type":"BreadcrumbList","@id":"https:\/\/finestres.es\/es\/finestres-expertos-en-ventanas-de-aluminio-para-terrassa-y-sus-alrededores\/#breadcrumb","itemListElement":[{"@type":"ListItem","position":1,"name":"Portada","item":"https:\/\/finestres.es\/es\/"},{"@type":"ListItem","position":2,"name":"Finestres: expertos en ventanas de aluminio para Terrassa y sus alrededores"}]},{"@type":"WebSite","@id":"https:\/\/finestres.es\/#website","url":"https:\/\/finestres.es\/","name":"Finestres","description":"","potentialAction":[{"@type":"SearchAction","target":{"@type":"EntryPoint","urlTemplate":"https:\/\/finestres.es\/?s={search_term_string}"},"query-input":{"@type":"PropertyValueSpecification","valueRequired":true,"valueName":"search_term_string"}}],"inLanguage":"es"},{"@type":"Person","@id":"https:\/\/finestres.es\/#\/schema\/person\/8f5bc90c23f214f5ced75be28260d92d","name":"admin","image":{"@type":"ImageObject","inLanguage":"es","@id":"https:\/\/finestres.es\/#\/schema\/person\/image\/","url":"https:\/\/secure.gravatar.com\/avatar\/44c520d0ee00f53bf5bce3cfe25f0f21a8b564001fa9d374716835d95b110394?s=96&d=mm&r=g","contentUrl":"https:\/\/secure.gravatar.com\/avatar\/44c520d0ee00f53bf5bce3cfe25f0f21a8b564001fa9d374716835d95b110394?s=96&d=mm&r=g","caption":"admin"},"sameAs":["https:\/\/finestres.es"],"url":"https:\/\/finestres.es\/es\/author\/admin_xptz0l2e\/"}]}},"_links":{"self":[{"href":"https:\/\/finestres.es\/es\/wp-json\/wp\/v2\/posts\/909","targetHints":{"allow":["GET"]}}],"collection":[{"href":"https:\/\/finestres.es\/es\/wp-json\/wp\/v2\/posts"}],"about":[{"href":"https:\/\/finestres.es\/es\/wp-json\/wp\/v2\/types\/post"}],"author":[{"embeddable":true,"href":"https:\/\/finestres.es\/es\/wp-json\/wp\/v2\/users\/1"}],"replies":[{"embeddable":true,"href":"https:\/\/finestres.es\/es\/wp-json\/wp\/v2\/comments?post=909"}],"version-history":[{"count":2,"href":"https:\/\/finestres.es\/es\/wp-json\/wp\/v2\/posts\/909\/revisions"}],"predecessor-version":[{"id":915,"href":"https:\/\/finestres.es\/es\/wp-json\/wp\/v2\/posts\/909\/revisions\/915"}],"wp:featuredmedia":[{"embeddable":true,"href":"https:\/\/finestres.es\/es\/wp-json\/wp\/v2\/media\/1001"}],"wp:attachment":[{"href":"https:\/\/finestres.es\/es\/wp-json\/wp\/v2\/media?parent=909"}],"wp:term":[{"taxonomy":"category","embeddable":true,"href":"https:\/\/finestres.es\/es\/wp-json\/wp\/v2\/categories?post=909"},{"taxonomy":"post_tag","embeddable":true,"href":"https:\/\/finestres.es\/es\/wp-json\/wp\/v2\/tags?post=909"}],"curies":[{"name":"wp","href":"https:\/\/api.w.org\/{rel}","templated":true}]}}