{"id":918,"date":"2023-06-20T09:33:04","date_gmt":"2023-06-20T09:33:04","guid":{"rendered":"https:\/\/finestres.es\/?p=918"},"modified":"2023-09-20T08:53:42","modified_gmt":"2023-09-20T08:53:42","slug":"finestres-expertos-en-ventanas-de-pvc-para-sant-cugat-y-sus-alrededores","status":"publish","type":"post","link":"https:\/\/finestres.es\/es\/finestres-expertos-en-ventanas-de-pvc-para-sant-cugat-y-sus-alrededores\/","title":{"rendered":"Finestres: expertos en ventanas de PVC para Sant Cugat y sus alrededores"},"content":{"rendered":"<p style=\"text-align: justify;\">Si est\u00e1s buscando <a href=\"https:\/\/finestres.es\/finestres-de-pvc\/\"><strong>ventanas de PVC en Sant Cugat<\/strong><\/a> y sus alrededores, has llegado al lugar indicado. En Finestres nos especializamos en la fabricaci\u00f3n e instalaci\u00f3n de ventanas de PVC de alta calidad, brindando soluciones eficientes y duraderas para tu hogar.<\/p>\n<p style=\"text-align: justify;\">Nuestra amplia experiencia en la industria de las ventanas de PVC nos respalda. Hemos trabajado con numerosos clientes en Sant Cugat y sus alrededores, brindando soluciones personalizadas y adaptadas a las necesidades espec\u00edficas de cada proyecto. Nuestro conocimiento y experiencia nos permiten ofrecer asesoramiento experto y garantizar la satisfacci\u00f3n del cliente en cada trabajo que realizamos.<\/p>\n<p style=\"text-align: justify;\">La calidad y eficiencia energ\u00e9tica son aspectos fundamentales en nuestras ventanas de PVC. Utilizamos materiales de primera calidad y tecnolog\u00eda avanzada en nuestro proceso de fabricaci\u00f3n, lo que garantiza ventanas duraderas, resistentes y altamente eficientes en t\u00e9rminos de aislamiento t\u00e9rmico y ac\u00fastico. Con nuestras ventanas de PVC, podr\u00e1s mantener una temperatura agradable en el interior de tu hogar, reduciendo las p\u00e9rdidas de calor en invierno y el ingreso excesivo de calor en verano. Esto se traduce en un menor consumo de energ\u00eda y en ahorros significativos en tus facturas de calefacci\u00f3n y refrigeraci\u00f3n.<\/p>\n<p style=\"text-align: justify;\">En Finestres, entendemos la importancia del aspecto est\u00e9tico de tus ventanas. Por eso, ofrecemos una amplia variedad de dise\u00f1os, estilos y acabados para que puedas encontrar las <strong>ventanas de PVC<\/strong> que se adapten perfectamente al estilo arquitect\u00f3nico de tu hogar en <strong>Sant Cugat. <\/strong>Ya sea que prefieras un dise\u00f1o cl\u00e1sico, moderno o contempor\u00e1neo, tenemos la opci\u00f3n perfecta para ti.<\/p>\n<p><img loading=\"lazy\" decoding=\"async\" class=\"alignnone wp-image-919 size-full\" src=\"https:\/\/finestres.es\/wp-content\/uploads\/2023\/06\/123-2023-06-13T113416.423.png\" alt=\"\" width=\"2000\" height=\"1414\" srcset=\"https:\/\/finestres.es\/wp-content\/uploads\/2023\/06\/123-2023-06-13T113416.423.png 2000w, https:\/\/finestres.es\/wp-content\/uploads\/2023\/06\/123-2023-06-13T113416.423-300x212.png 300w, https:\/\/finestres.es\/wp-content\/uploads\/2023\/06\/123-2023-06-13T113416.423-1024x724.png 1024w, https:\/\/finestres.es\/wp-content\/uploads\/2023\/06\/123-2023-06-13T113416.423-768x543.png 768w, https:\/\/finestres.es\/wp-content\/uploads\/2023\/06\/123-2023-06-13T113416.423-1536x1086.png 1536w\" sizes=\"auto, (max-width: 2000px) 100vw, 2000px\" \/><\/p>\n<h2 style=\"text-align: justify;\"><strong>Ventanas de PVC en Sant Cugat: aislamiento t\u00e9rmico y ac\u00fastico \u00f3ptimos con Finestres<\/strong><\/h2>\n<p style=\"text-align: justify;\">Nuestro compromiso con la satisfacci\u00f3n del cliente es un pilar fundamental de nuestro servicio. Contamos con un equipo de profesionales altamente capacitados que te guiar\u00e1 en cada etapa del proceso, desde la selecci\u00f3n de las ventanas de PVC hasta la instalaci\u00f3n final. Te brindaremos asesoramiento t\u00e9cnico y te ayudaremos a tomar decisiones informadas para que obtengas las ventanas ideales que se ajusten a tus necesidades y preferencias.<\/p>\n<p style=\"text-align: justify;\">En Finestres, creemos en la importancia de cuidar el medio ambiente. Por eso, nuestras ventanas de PVC son respetuosas con el medio ambiente, ya que el PVC es un material reciclable y duradero. Al elegir nuestras ventanas, no solo estar\u00e1s mejorando la eficiencia de tu hogar, sino tambi\u00e9n contribuyendo a la sostenibilidad y reducci\u00f3n de residuos.<\/p>\n<p style=\"text-align: justify;\">En resumen, si est\u00e1s buscando <strong>ventanas de PVC en Sant Cugat<\/strong> y sus alrededores, conf\u00eda en Finestres. Nuestra experiencia, calidad, eficiencia energ\u00e9tica y servicio personalizado nos distinguen como expertos en el mercado. Mejora el confort y la eficiencia de tu hogar con nuestras <strong>ventanas de PVC en Sant Cugat<\/strong> y alrededores de alta calidad. \u00a1Contacta a Finestres hoy mismo y descubre c\u00f3mo podemos ayudarte a transformar tu hogar en Sant Cugat!<\/p>\n","protected":false},"excerpt":{"rendered":"<p>Si est\u00e1s buscando ventanas de PVC en Sant Cugat y sus alrededores, has llegado al lugar indicado. En Finestres nos especializamos en la fabricaci\u00f3n e instalaci\u00f3n de ventanas de PVC de alta calidad, brindando soluciones eficientes y duraderas para tu hogar. Nuestra amplia experiencia en la industria de las ventanas de PVC nos respalda. Hemos&hellip;&nbsp;<a href=\"https:\/\/finestres.es\/es\/finestres-expertos-en-ventanas-de-pvc-para-sant-cugat-y-sus-alrededores\/\" rel=\"bookmark\">Llegir m\u00e9s \u00bb<span class=\"screen-reader-text\">Finestres: expertos en ventanas de PVC para Sant Cugat y sus alrededores<\/span><\/a><\/p>\n","protected":false},"author":1,"featured_media":921,"comment_status":"open","ping_status":"open","sticky":false,"template":"","format":"standard","meta":{"neve_meta_sidebar":"","neve_meta_container":"","neve_meta_enable_content_width":"off","neve_meta_content_width":70,"neve_meta_title_alignment":"","neve_meta_author_avatar":"","neve_post_elements_order":"","neve_meta_disable_header":"","neve_meta_disable_footer":"","neve_meta_disable_title":"","neve_meta_reading_time":"","footnotes":""},"categories":[20],"tags":[29],"class_list":["post-918","post","type-post","status-publish","format-standard","has-post-thumbnail","hentry","category-ventanas-de-pvc","tag-ventanas-de-pvc-sant-cugat"],"yoast_head":"<!-- This site is optimized with the Yoast SEO plugin v26.7 - https:\/\/yoast.com\/wordpress\/plugins\/seo\/ -->\n<title>Finestres: expertos en ventanas de PVC para Sant Cugat y sus alrededores - Finestres<\/title>\n<meta name=\"robots\" content=\"index, follow, max-snippet:-1, max-image-preview:large, max-video-preview:-1\" \/>\n<link rel=\"canonical\" href=\"https:\/\/finestres.es\/es\/finestres-expertos-en-ventanas-de-pvc-para-sant-cugat-y-sus-alrededores\/\" \/>\n<meta property=\"og:locale\" content=\"es_ES\" \/>\n<meta property=\"og:type\" content=\"article\" \/>\n<meta property=\"og:title\" content=\"Finestres: expertos en ventanas de PVC para Sant Cugat y sus alrededores - Finestres\" \/>\n<meta property=\"og:description\" content=\"Si est\u00e1s buscando ventanas de PVC en Sant Cugat y sus alrededores, has llegado al lugar indicado. En Finestres nos especializamos en la fabricaci\u00f3n e instalaci\u00f3n de ventanas de PVC de alta calidad, brindando soluciones eficientes y duraderas para tu hogar. Nuestra amplia experiencia en la industria de las ventanas de PVC nos respalda. Hemos&hellip;&nbsp;Llegir m\u00e9s \u00bbFinestres: expertos en ventanas de PVC para Sant Cugat y sus alrededores\" \/>\n<meta property=\"og:url\" content=\"https:\/\/finestres.es\/es\/finestres-expertos-en-ventanas-de-pvc-para-sant-cugat-y-sus-alrededores\/\" \/>\n<meta property=\"og:site_name\" content=\"Finestres\" \/>\n<meta property=\"article:published_time\" content=\"2023-06-20T09:33:04+00:00\" \/>\n<meta property=\"article:modified_time\" content=\"2023-09-20T08:53:42+00:00\" \/>\n<meta property=\"og:image\" content=\"https:\/\/finestres.es\/wp-content\/uploads\/2023\/06\/123-2023-06-13T113408.122-1024x724.png\" \/>\n\t<meta property=\"og:image:width\" content=\"1024\" \/>\n\t<meta property=\"og:image:height\" content=\"724\" \/>\n\t<meta property=\"og:image:type\" content=\"image\/png\" \/>\n<meta name=\"author\" content=\"admin\" \/>\n<meta name=\"twitter:card\" content=\"summary_large_image\" \/>\n<meta name=\"twitter:label1\" content=\"Escrito por\" \/>\n\t<meta name=\"twitter:data1\" content=\"admin\" \/>\n\t<meta name=\"twitter:label2\" content=\"Tiempo de lectura\" \/>\n\t<meta name=\"twitter:data2\" content=\"3 minutos\" \/>\n<script type=\"application\/ld+json\" class=\"yoast-schema-graph\">{\"@context\":\"https:\/\/schema.org\",\"@graph\":[{\"@type\":\"Article\",\"@id\":\"https:\/\/finestres.es\/es\/finestres-expertos-en-ventanas-de-pvc-para-sant-cugat-y-sus-alrededores\/#article\",\"isPartOf\":{\"@id\":\"https:\/\/finestres.es\/es\/finestres-expertos-en-ventanas-de-pvc-para-sant-cugat-y-sus-alrededores\/\"},\"author\":{\"name\":\"admin\",\"@id\":\"https:\/\/finestres.es\/#\/schema\/person\/8f5bc90c23f214f5ced75be28260d92d\"},\"headline\":\"Finestres: expertos en ventanas de PVC para Sant Cugat y sus alrededores\",\"datePublished\":\"2023-06-20T09:33:04+00:00\",\"dateModified\":\"2023-09-20T08:53:42+00:00\",\"mainEntityOfPage\":{\"@id\":\"https:\/\/finestres.es\/es\/finestres-expertos-en-ventanas-de-pvc-para-sant-cugat-y-sus-alrededores\/\"},\"wordCount\":504,\"commentCount\":0,\"image\":{\"@id\":\"https:\/\/finestres.es\/es\/finestres-expertos-en-ventanas-de-pvc-para-sant-cugat-y-sus-alrededores\/#primaryimage\"},\"thumbnailUrl\":\"https:\/\/finestres.es\/wp-content\/uploads\/2023\/06\/123-2023-06-13T113408.122.png\",\"keywords\":[\"ventanas de PVC Sant Cugat\"],\"articleSection\":[\"ventanas de PVC\"],\"inLanguage\":\"es\"},{\"@type\":\"WebPage\",\"@id\":\"https:\/\/finestres.es\/es\/finestres-expertos-en-ventanas-de-pvc-para-sant-cugat-y-sus-alrededores\/\",\"url\":\"https:\/\/finestres.es\/es\/finestres-expertos-en-ventanas-de-pvc-para-sant-cugat-y-sus-alrededores\/\",\"name\":\"Finestres: expertos en ventanas de PVC para Sant Cugat y sus alrededores - Finestres\",\"isPartOf\":{\"@id\":\"https:\/\/finestres.es\/#website\"},\"primaryImageOfPage\":{\"@id\":\"https:\/\/finestres.es\/es\/finestres-expertos-en-ventanas-de-pvc-para-sant-cugat-y-sus-alrededores\/#primaryimage\"},\"image\":{\"@id\":\"https:\/\/finestres.es\/es\/finestres-expertos-en-ventanas-de-pvc-para-sant-cugat-y-sus-alrededores\/#primaryimage\"},\"thumbnailUrl\":\"https:\/\/finestres.es\/wp-content\/uploads\/2023\/06\/123-2023-06-13T113408.122.png\",\"datePublished\":\"2023-06-20T09:33:04+00:00\",\"dateModified\":\"2023-09-20T08:53:42+00:00\",\"author\":{\"@id\":\"https:\/\/finestres.es\/#\/schema\/person\/8f5bc90c23f214f5ced75be28260d92d\"},\"breadcrumb\":{\"@id\":\"https:\/\/finestres.es\/es\/finestres-expertos-en-ventanas-de-pvc-para-sant-cugat-y-sus-alrededores\/#breadcrumb\"},\"inLanguage\":\"es\",\"potentialAction\":[{\"@type\":\"ReadAction\",\"target\":[\"https:\/\/finestres.es\/es\/finestres-expertos-en-ventanas-de-pvc-para-sant-cugat-y-sus-alrededores\/\"]}]},{\"@type\":\"ImageObject\",\"inLanguage\":\"es\",\"@id\":\"https:\/\/finestres.es\/es\/finestres-expertos-en-ventanas-de-pvc-para-sant-cugat-y-sus-alrededores\/#primaryimage\",\"url\":\"https:\/\/finestres.es\/wp-content\/uploads\/2023\/06\/123-2023-06-13T113408.122.png\",\"contentUrl\":\"https:\/\/finestres.es\/wp-content\/uploads\/2023\/06\/123-2023-06-13T113408.122.png\",\"width\":2000,\"height\":1414},{\"@type\":\"BreadcrumbList\",\"@id\":\"https:\/\/finestres.es\/es\/finestres-expertos-en-ventanas-de-pvc-para-sant-cugat-y-sus-alrededores\/#breadcrumb\",\"itemListElement\":[{\"@type\":\"ListItem\",\"position\":1,\"name\":\"Portada\",\"item\":\"https:\/\/finestres.es\/es\/\"},{\"@type\":\"ListItem\",\"position\":2,\"name\":\"Finestres: expertos en ventanas de PVC para Sant Cugat y sus alrededores\"}]},{\"@type\":\"WebSite\",\"@id\":\"https:\/\/finestres.es\/#website\",\"url\":\"https:\/\/finestres.es\/\",\"name\":\"Finestres\",\"description\":\"\",\"potentialAction\":[{\"@type\":\"SearchAction\",\"target\":{\"@type\":\"EntryPoint\",\"urlTemplate\":\"https:\/\/finestres.es\/?s={search_term_string}\"},\"query-input\":{\"@type\":\"PropertyValueSpecification\",\"valueRequired\":true,\"valueName\":\"search_term_string\"}}],\"inLanguage\":\"es\"},{\"@type\":\"Person\",\"@id\":\"https:\/\/finestres.es\/#\/schema\/person\/8f5bc90c23f214f5ced75be28260d92d\",\"name\":\"admin\",\"image\":{\"@type\":\"ImageObject\",\"inLanguage\":\"es\",\"@id\":\"https:\/\/finestres.es\/#\/schema\/person\/image\/\",\"url\":\"https:\/\/secure.gravatar.com\/avatar\/44c520d0ee00f53bf5bce3cfe25f0f21a8b564001fa9d374716835d95b110394?s=96&d=mm&r=g\",\"contentUrl\":\"https:\/\/secure.gravatar.com\/avatar\/44c520d0ee00f53bf5bce3cfe25f0f21a8b564001fa9d374716835d95b110394?s=96&d=mm&r=g\",\"caption\":\"admin\"},\"sameAs\":[\"https:\/\/finestres.es\"],\"url\":\"https:\/\/finestres.es\/es\/author\/admin_xptz0l2e\/\"}]}<\/script>\n<!-- \/ Yoast SEO plugin. -->","yoast_head_json":{"title":"Finestres: expertos en ventanas de PVC para Sant Cugat y sus alrededores - Finestres","robots":{"index":"index","follow":"follow","max-snippet":"max-snippet:-1","max-image-preview":"max-image-preview:large","max-video-preview":"max-video-preview:-1"},"canonical":"https:\/\/finestres.es\/es\/finestres-expertos-en-ventanas-de-pvc-para-sant-cugat-y-sus-alrededores\/","og_locale":"es_ES","og_type":"article","og_title":"Finestres: expertos en ventanas de PVC para Sant Cugat y sus alrededores - Finestres","og_description":"Si est\u00e1s buscando ventanas de PVC en Sant Cugat y sus alrededores, has llegado al lugar indicado. En Finestres nos especializamos en la fabricaci\u00f3n e instalaci\u00f3n de ventanas de PVC de alta calidad, brindando soluciones eficientes y duraderas para tu hogar. Nuestra amplia experiencia en la industria de las ventanas de PVC nos respalda. Hemos&hellip;&nbsp;Llegir m\u00e9s \u00bbFinestres: expertos en ventanas de PVC para Sant Cugat y sus alrededores","og_url":"https:\/\/finestres.es\/es\/finestres-expertos-en-ventanas-de-pvc-para-sant-cugat-y-sus-alrededores\/","og_site_name":"Finestres","article_published_time":"2023-06-20T09:33:04+00:00","article_modified_time":"2023-09-20T08:53:42+00:00","og_image":[{"width":1024,"height":724,"url":"https:\/\/finestres.es\/wp-content\/uploads\/2023\/06\/123-2023-06-13T113408.122-1024x724.png","type":"image\/png"}],"author":"admin","twitter_card":"summary_large_image","twitter_misc":{"Escrito por":"admin","Tiempo de lectura":"3 minutos"},"schema":{"@context":"https:\/\/schema.org","@graph":[{"@type":"Article","@id":"https:\/\/finestres.es\/es\/finestres-expertos-en-ventanas-de-pvc-para-sant-cugat-y-sus-alrededores\/#article","isPartOf":{"@id":"https:\/\/finestres.es\/es\/finestres-expertos-en-ventanas-de-pvc-para-sant-cugat-y-sus-alrededores\/"},"author":{"name":"admin","@id":"https:\/\/finestres.es\/#\/schema\/person\/8f5bc90c23f214f5ced75be28260d92d"},"headline":"Finestres: expertos en ventanas de PVC para Sant Cugat y sus alrededores","datePublished":"2023-06-20T09:33:04+00:00","dateModified":"2023-09-20T08:53:42+00:00","mainEntityOfPage":{"@id":"https:\/\/finestres.es\/es\/finestres-expertos-en-ventanas-de-pvc-para-sant-cugat-y-sus-alrededores\/"},"wordCount":504,"commentCount":0,"image":{"@id":"https:\/\/finestres.es\/es\/finestres-expertos-en-ventanas-de-pvc-para-sant-cugat-y-sus-alrededores\/#primaryimage"},"thumbnailUrl":"https:\/\/finestres.es\/wp-content\/uploads\/2023\/06\/123-2023-06-13T113408.122.png","keywords":["ventanas de PVC Sant Cugat"],"articleSection":["ventanas de PVC"],"inLanguage":"es"},{"@type":"WebPage","@id":"https:\/\/finestres.es\/es\/finestres-expertos-en-ventanas-de-pvc-para-sant-cugat-y-sus-alrededores\/","url":"https:\/\/finestres.es\/es\/finestres-expertos-en-ventanas-de-pvc-para-sant-cugat-y-sus-alrededores\/","name":"Finestres: expertos en ventanas de PVC para Sant Cugat y sus alrededores - Finestres","isPartOf":{"@id":"https:\/\/finestres.es\/#website"},"primaryImageOfPage":{"@id":"https:\/\/finestres.es\/es\/finestres-expertos-en-ventanas-de-pvc-para-sant-cugat-y-sus-alrededores\/#primaryimage"},"image":{"@id":"https:\/\/finestres.es\/es\/finestres-expertos-en-ventanas-de-pvc-para-sant-cugat-y-sus-alrededores\/#primaryimage"},"thumbnailUrl":"https:\/\/finestres.es\/wp-content\/uploads\/2023\/06\/123-2023-06-13T113408.122.png","datePublished":"2023-06-20T09:33:04+00:00","dateModified":"2023-09-20T08:53:42+00:00","author":{"@id":"https:\/\/finestres.es\/#\/schema\/person\/8f5bc90c23f214f5ced75be28260d92d"},"breadcrumb":{"@id":"https:\/\/finestres.es\/es\/finestres-expertos-en-ventanas-de-pvc-para-sant-cugat-y-sus-alrededores\/#breadcrumb"},"inLanguage":"es","potentialAction":[{"@type":"ReadAction","target":["https:\/\/finestres.es\/es\/finestres-expertos-en-ventanas-de-pvc-para-sant-cugat-y-sus-alrededores\/"]}]},{"@type":"ImageObject","inLanguage":"es","@id":"https:\/\/finestres.es\/es\/finestres-expertos-en-ventanas-de-pvc-para-sant-cugat-y-sus-alrededores\/#primaryimage","url":"https:\/\/finestres.es\/wp-content\/uploads\/2023\/06\/123-2023-06-13T113408.122.png","contentUrl":"https:\/\/finestres.es\/wp-content\/uploads\/2023\/06\/123-2023-06-13T113408.122.png","width":2000,"height":1414},{"@type":"BreadcrumbList","@id":"https:\/\/finestres.es\/es\/finestres-expertos-en-ventanas-de-pvc-para-sant-cugat-y-sus-alrededores\/#breadcrumb","itemListElement":[{"@type":"ListItem","position":1,"name":"Portada","item":"https:\/\/finestres.es\/es\/"},{"@type":"ListItem","position":2,"name":"Finestres: expertos en ventanas de PVC para Sant Cugat y sus alrededores"}]},{"@type":"WebSite","@id":"https:\/\/finestres.es\/#website","url":"https:\/\/finestres.es\/","name":"Finestres","description":"","potentialAction":[{"@type":"SearchAction","target":{"@type":"EntryPoint","urlTemplate":"https:\/\/finestres.es\/?s={search_term_string}"},"query-input":{"@type":"PropertyValueSpecification","valueRequired":true,"valueName":"search_term_string"}}],"inLanguage":"es"},{"@type":"Person","@id":"https:\/\/finestres.es\/#\/schema\/person\/8f5bc90c23f214f5ced75be28260d92d","name":"admin","image":{"@type":"ImageObject","inLanguage":"es","@id":"https:\/\/finestres.es\/#\/schema\/person\/image\/","url":"https:\/\/secure.gravatar.com\/avatar\/44c520d0ee00f53bf5bce3cfe25f0f21a8b564001fa9d374716835d95b110394?s=96&d=mm&r=g","contentUrl":"https:\/\/secure.gravatar.com\/avatar\/44c520d0ee00f53bf5bce3cfe25f0f21a8b564001fa9d374716835d95b110394?s=96&d=mm&r=g","caption":"admin"},"sameAs":["https:\/\/finestres.es"],"url":"https:\/\/finestres.es\/es\/author\/admin_xptz0l2e\/"}]}},"_links":{"self":[{"href":"https:\/\/finestres.es\/es\/wp-json\/wp\/v2\/posts\/918","targetHints":{"allow":["GET"]}}],"collection":[{"href":"https:\/\/finestres.es\/es\/wp-json\/wp\/v2\/posts"}],"about":[{"href":"https:\/\/finestres.es\/es\/wp-json\/wp\/v2\/types\/post"}],"author":[{"embeddable":true,"href":"https:\/\/finestres.es\/es\/wp-json\/wp\/v2\/users\/1"}],"replies":[{"embeddable":true,"href":"https:\/\/finestres.es\/es\/wp-json\/wp\/v2\/comments?post=918"}],"version-history":[{"count":1,"href":"https:\/\/finestres.es\/es\/wp-json\/wp\/v2\/posts\/918\/revisions"}],"predecessor-version":[{"id":923,"href":"https:\/\/finestres.es\/es\/wp-json\/wp\/v2\/posts\/918\/revisions\/923"}],"wp:featuredmedia":[{"embeddable":true,"href":"https:\/\/finestres.es\/es\/wp-json\/wp\/v2\/media\/921"}],"wp:attachment":[{"href":"https:\/\/finestres.es\/es\/wp-json\/wp\/v2\/media?parent=918"}],"wp:term":[{"taxonomy":"category","embeddable":true,"href":"https:\/\/finestres.es\/es\/wp-json\/wp\/v2\/categories?post=918"},{"taxonomy":"post_tag","embeddable":true,"href":"https:\/\/finestres.es\/es\/wp-json\/wp\/v2\/tags?post=918"}],"curies":[{"name":"wp","href":"https:\/\/api.w.org\/{rel}","templated":true}]}}